{"id":2018,"date":"2024-06-13T10:28:25","date_gmt":"2024-06-13T08:28:25","guid":{"rendered":"https:\/\/www.yoursadvisory.com\/?p=2018"},"modified":"2025-03-19T14:30:58","modified_gmt":"2025-03-19T13:30:58","slug":"suite-et-fin-de-la-saga-sur-la-double-taxation-des-dividendes-francais","status":"publish","type":"post","link":"https:\/\/www.yoursadvisory.com\/en\/suite-et-fin-de-la-saga-sur-la-double-taxation-des-dividendes-francais\/","title":{"rendered":"Suite (et fin ?) de la saga sur la double taxation des dividendes fran\u00e7ais"},"content":{"rendered":"\n<p>Dans un article publi\u00e9 sur notre blog en mai 2021, nous \u00e9voquions la probl\u00e9matique de la double taxation des dividendes de source fran\u00e7aise vers\u00e9s \u00e0 des r\u00e9sidents fiscaux belges.&nbsp;<\/p>\n\n\n\n<p>PREAMBULE<\/p>\n\n\n\n<p>En substance, lorsqu\u2019un r\u00e9sident fiscal belge re\u00e7oit un dividende de source fran\u00e7aise, le pouvoir d\u2019imposition appartient au pays de r\u00e9sidence du contribuable, la Belgique (imposition au pr\u00e9compte mobilier de 30 %), mais l\u2019\u00c9tat de source du dividende, la France, pr\u00e9l\u00e8ve \u00e9galement une retenue \u00e0 la source (12,8 %). Le pr\u00e9compte mobilier belge est alors calcul\u00e9 sur le montant \u00ab&nbsp;net fronti\u00e8re&nbsp;\u00bb de dividende (c\u2019est-\u00e0-dire sur le montant brut auquel est d\u00e9duit la retenue \u00e0 la source fran\u00e7aise). Autrement dit, sur un dividende brut fran\u00e7ais de 1.000 euros, le contribuable belge re\u00e7oit donc un montant net de 610,40 euros (taux d\u2019imposition final de 38,96 %).&nbsp;<\/p>\n\n\n\n<p>Afin de limiter cette double imposition, la convention franco-belge pr\u00e9voit actuellement l\u2019imputation d\u2019une quotit\u00e9 forfaitaire d\u2019imp\u00f4t \u00e9tranger (QFIE) de 15 % sur le montant \u00ab&nbsp;net fronti\u00e8re&nbsp;\u00bb. Ainsi, le contribuable belge devrait pouvoir r\u00e9cup\u00e9rer 15 % au niveau de l\u2019imp\u00f4t d\u00fb en Belgique, ce qui permettrait d\u2019obtenir un dividende net de 741,20 euros (taux d\u2019imposition de 25,88 % au lieu de 38,96 %). Or, la convention en vigueur \u00e0 ce jour pr\u00e9cise que cette imputation s\u2019op\u00e8re \u00ab&nbsp;dans les conditions fix\u00e9es par la l\u00e9gislation belge&nbsp;\u00bb, ce qui est probl\u00e9matique puisque la notion de QFIE a \u00e9t\u00e9 supprim\u00e9e par le l\u00e9gislateur belge en 1988. Il en ressort que les r\u00e9sidents belges se retrouvent tr\u00e8s lourdement tax\u00e9s lorsqu\u2019ils per\u00e7oivent des dividendes de source fran\u00e7aise puisqu\u2019ils ne peuvent pas b\u00e9n\u00e9ficier de l\u2019application de la QFIE.<\/p>\n\n\n\n<p>EVOLUTIONS RECENTES<\/p>\n\n\n\n<p>Cette situation, largement pr\u00e9judiciable pour les contribuables belges, a \u00e9t\u00e9 sanctionn\u00e9e \u00e0 de nombreuses reprises par plusieurs arr\u00eats de la Cour de Cassation (le premier datait de 2017). Ceux-ci ont \u00e0 chaque fois rappel\u00e9 la primaut\u00e9 de la convention franco-belge sur la l\u00e9gislation nationale et donc l\u2019obligation de la Belgique d\u2019accorder l\u2019imputation de la QFIE en cas de versement de dividendes de source fran\u00e7aise \u00e0 un r\u00e9sident belge.&nbsp;<\/p>\n\n\n\n<p>Malgr\u00e9 une position claire de la Cour, l\u2019Administration belge ne se contentait pas de l\u2019accepter et dans une circulaire du 28 mai 2021 elle pr\u00e9cisait que la possibilit\u00e9 de l\u2019imputation de la QFIE n\u2019\u00e9tait applicable que si les dividendes fran\u00e7ais avaient \u00e9t\u00e9 repris dans la d\u00e9claration \u00e0 l\u2019imp\u00f4t des personnes physiques, m\u00eame si ceux-ci avaient \u00e9t\u00e9 vers\u00e9s&nbsp;&nbsp;sur un compte bancaire en Belgique (et donc soumis au pr\u00e9compte mobilier lib\u00e9ratoire). Autrement dit, selon les exigences administratives, si les dividendes (qu\u2019ils aient \u00e9t\u00e9 pr\u00e9compt\u00e9s ou non) n\u2019avaient pas fait l\u2019objet d\u2019une d\u00e9claration \u00e0 l\u2019imp\u00f4t des personnes physiques, l\u2019administration fiscale belge refusait l\u2019imputation de la QFIE sur l\u2019imp\u00f4t belge.<\/p>\n\n\n\n<p>Dans des arr\u00eats du 23 novembre 2023, la Cour de Cassation a une nouvelle fois rappel\u00e9 l\u2019obligation de la Belgique d\u2019appliquer un cr\u00e9dit d\u2019imp\u00f4t minimum de 15 % (QFIE) en vertu de l\u2019application de la convention franco-belge. La Cour a ensuite pr\u00e9cis\u00e9 que ce cr\u00e9dit de QFIE ne devait pas \u00eatre subordonn\u00e9 au fait que les dividendes aient \u00e9t\u00e9 repris ou non dans la d\u00e9claration \u00e0 l\u2019imp\u00f4t sur les personnes physiques. Ces arr\u00eats viennent donc contrer la position de l\u2019Administration en soutenant que l\u2019application de la QFIE ne devait pas \u00eatre conditionn\u00e9e \u00e0 une proc\u00e9dure d\u00e9clarative et de surcro\u00eet si aucun texte ne le pr\u00e9voit clairement.<\/p>\n\n\n\n<p>Ainsi, suite \u00e0 la publication de ces arr\u00eats, l\u2019Administration fiscale n\u2019est plus autoris\u00e9e \u00e0 exiger des contribuables belges qu\u2019ils reprennent dans leur d\u00e9claration d\u2019imp\u00f4ts les dividendes fran\u00e7ais d\u00e9j\u00e0 pr\u00e9compt\u00e9s par leur banque belge afin d\u2019accorder le b\u00e9n\u00e9fice de la QFIE. Seule une r\u00e9clamation introduite par le contribuable est suffisante.&nbsp;<\/p>\n\n\n\n<p>En pratique, il semblerait que le d\u00e9lai dans lequel cette r\u00e9clamation doit \u00eatre introduite soit de 5 ans, ce qui signifie que les contribuables ont la possibilit\u00e9 de demander l\u2019application de la QFIE pour les dividendes pr\u00e9compt\u00e9s et non d\u00e9clar\u00e9s per\u00e7us depuis 2019.&nbsp;<\/p>\n\n\n\n<p>Cette nouvelle jurisprudence devrait \u00e9galement permettre aux contribuables qui ont d\u00e9j\u00e0 introduit des r\u00e9clamations de pr\u00e9senter de nouveaux arguments pour obtenir gain de cause.<\/p>\n\n\n\n<p>Si cela n\u2019a pas d\u00e9j\u00e0 \u00e9t\u00e9 fait, nous vous conseillons de reprendre vos dividendes de source fran\u00e7aises dans votre d\u00e9claration fiscale et\/ou d\u2019introduire une r\u00e9clamation pour les dividendes pr\u00e9compt\u00e9s et non d\u00e9clar\u00e9s depuis 2019.<\/p>\n\n\n\n<p>EVOLUTIONS FUTURES<\/p>\n\n\n\n<p>A noter enfin que la nouvelle convention franco-belge, qui devrait entre en vigueur au plus t\u00f4t en 2025, mettra fin \u00e0 toute discussion puisque ce m\u00e9canisme de cr\u00e9dit d\u2019imp\u00f4t sera tout simplement supprim\u00e9. La pression fiscale sur les dividendes de source fran\u00e7aise pour un r\u00e9sident fiscal belge s\u2019\u00e9l\u00e8vera donc \u00e0 38,96 % contre 30 % pour un dividende de source belge. Affaire \u00e0 suivre \u2026<\/p>\n","protected":false},"excerpt":{"rendered":"<p>Dans un article publi\u00e9 sur notre blog en mai 2021, nous \u00e9voquions la probl\u00e9matique de la double taxation des dividendes de source fran\u00e7aise vers\u00e9s \u00e0 des r\u00e9sidents fiscaux belges.&nbsp; PREAMBULE [&hellip;]<\/p>\n","protected":false},"author":5,"featured_media":2019,"comment_status":"closed","ping_status":"closed","sticky":false,"template":"","format":"standard","meta":{"_acf_changed":false,"footnotes":""},"categories":[15],"tags":[51],"class_list":["post-2018","post","type-post","status-publish","format-standard","has-post-thumbnail","hentry","category-actualites","tag-fr"],"acf":[],"featured_image_src":"https:\/\/www.yoursadvisory.com\/wp-content\/uploads\/2024\/06\/cyril-mzn-WSvth_lwCi0-unsplash-scaled.jpg","author_info":{"display_name":"l.cuvelier","author_link":"https:\/\/www.yoursadvisory.com\/en\/author\/l-cuvelier\/"},"yoast_head":"<!-- This site is optimized with the Yoast SEO plugin v26.3 - https:\/\/yoast.com\/wordpress\/plugins\/seo\/ -->\n<title>Suite (et fin ?) de la saga sur la double taxation des dividendes fran\u00e7ais &#8212; Yours Advisory<\/title>\n<meta name=\"robots\" content=\"index, follow, max-snippet:-1, max-image-preview:large, max-video-preview:-1\" \/>\n<link rel=\"canonical\" href=\"https:\/\/www.yoursadvisory.com\/suite-et-fin-de-la-saga-sur-la-double-taxation-des-dividendes-francais\/\" \/>\n<meta property=\"og:locale\" content=\"en_GB\" \/>\n<meta property=\"og:type\" content=\"article\" \/>\n<meta property=\"og:title\" content=\"Suite (et fin ?) de la saga sur la double taxation des dividendes fran\u00e7ais &#8212; Yours Advisory\" \/>\n<meta property=\"og:description\" content=\"Dans un article publi\u00e9 sur notre blog en mai 2021, nous \u00e9voquions la probl\u00e9matique de la double taxation des dividendes de source fran\u00e7aise vers\u00e9s \u00e0 des r\u00e9sidents fiscaux belges.&nbsp; PREAMBULE [&hellip;]\" \/>\n<meta property=\"og:url\" content=\"https:\/\/www.yoursadvisory.com\/suite-et-fin-de-la-saga-sur-la-double-taxation-des-dividendes-francais\/\" \/>\n<meta property=\"og:site_name\" content=\"Yours Advisory\" \/>\n<meta property=\"article:published_time\" content=\"2024-06-13T08:28:25+00:00\" \/>\n<meta property=\"article:modified_time\" content=\"2025-03-19T13:30:58+00:00\" \/>\n<meta property=\"og:image\" content=\"https:\/\/www.yoursadvisory.com\/wp-content\/uploads\/2024\/06\/cyril-mzn-WSvth_lwCi0-unsplash-scaled.jpg\" \/>\n\t<meta property=\"og:image:width\" content=\"1707\" \/>\n\t<meta property=\"og:image:height\" content=\"2560\" \/>\n\t<meta property=\"og:image:type\" content=\"image\/jpeg\" \/>\n<meta name=\"author\" content=\"l.cuvelier\" \/>\n<meta name=\"twitter:card\" content=\"summary_large_image\" \/>\n<script type=\"application\/ld+json\" class=\"yoast-schema-graph\">{\"@context\":\"https:\/\/schema.org\",\"@graph\":[{\"@type\":\"Article\",\"@id\":\"https:\/\/www.yoursadvisory.com\/suite-et-fin-de-la-saga-sur-la-double-taxation-des-dividendes-francais\/#article\",\"isPartOf\":{\"@id\":\"https:\/\/www.yoursadvisory.com\/suite-et-fin-de-la-saga-sur-la-double-taxation-des-dividendes-francais\/\"},\"author\":{\"name\":\"l.cuvelier\",\"@id\":\"https:\/\/www.yoursadvisory.com\/en\/#\/schema\/person\/f8d64f094a1a6e981c7b34317af8c5a7\"},\"headline\":\"Suite (et fin ?) de la saga sur la double taxation des dividendes fran\u00e7ais\",\"datePublished\":\"2024-06-13T08:28:25+00:00\",\"dateModified\":\"2025-03-19T13:30:58+00:00\",\"mainEntityOfPage\":{\"@id\":\"https:\/\/www.yoursadvisory.com\/suite-et-fin-de-la-saga-sur-la-double-taxation-des-dividendes-francais\/\"},\"wordCount\":894,\"publisher\":{\"@id\":\"https:\/\/www.yoursadvisory.com\/en\/#organization\"},\"image\":{\"@id\":\"https:\/\/www.yoursadvisory.com\/suite-et-fin-de-la-saga-sur-la-double-taxation-des-dividendes-francais\/#primaryimage\"},\"thumbnailUrl\":\"https:\/\/www.yoursadvisory.com\/wp-content\/uploads\/2024\/06\/cyril-mzn-WSvth_lwCi0-unsplash-scaled.jpg\",\"keywords\":[\"fr\"],\"articleSection\":[\"Actualit\u00e9s\"],\"inLanguage\":\"en-GB\"},{\"@type\":\"WebPage\",\"@id\":\"https:\/\/www.yoursadvisory.com\/suite-et-fin-de-la-saga-sur-la-double-taxation-des-dividendes-francais\/\",\"url\":\"https:\/\/www.yoursadvisory.com\/suite-et-fin-de-la-saga-sur-la-double-taxation-des-dividendes-francais\/\",\"name\":\"Suite (et fin ?) de la saga sur la double taxation des dividendes fran\u00e7ais &#8212; Yours Advisory\",\"isPartOf\":{\"@id\":\"https:\/\/www.yoursadvisory.com\/en\/#website\"},\"primaryImageOfPage\":{\"@id\":\"https:\/\/www.yoursadvisory.com\/suite-et-fin-de-la-saga-sur-la-double-taxation-des-dividendes-francais\/#primaryimage\"},\"image\":{\"@id\":\"https:\/\/www.yoursadvisory.com\/suite-et-fin-de-la-saga-sur-la-double-taxation-des-dividendes-francais\/#primaryimage\"},\"thumbnailUrl\":\"https:\/\/www.yoursadvisory.com\/wp-content\/uploads\/2024\/06\/cyril-mzn-WSvth_lwCi0-unsplash-scaled.jpg\",\"datePublished\":\"2024-06-13T08:28:25+00:00\",\"dateModified\":\"2025-03-19T13:30:58+00:00\",\"breadcrumb\":{\"@id\":\"https:\/\/www.yoursadvisory.com\/suite-et-fin-de-la-saga-sur-la-double-taxation-des-dividendes-francais\/#breadcrumb\"},\"inLanguage\":\"en-GB\",\"potentialAction\":[{\"@type\":\"ReadAction\",\"target\":[\"https:\/\/www.yoursadvisory.com\/suite-et-fin-de-la-saga-sur-la-double-taxation-des-dividendes-francais\/\"]}]},{\"@type\":\"ImageObject\",\"inLanguage\":\"en-GB\",\"@id\":\"https:\/\/www.yoursadvisory.com\/suite-et-fin-de-la-saga-sur-la-double-taxation-des-dividendes-francais\/#primaryimage\",\"url\":\"https:\/\/www.yoursadvisory.com\/wp-content\/uploads\/2024\/06\/cyril-mzn-WSvth_lwCi0-unsplash-scaled.jpg\",\"contentUrl\":\"https:\/\/www.yoursadvisory.com\/wp-content\/uploads\/2024\/06\/cyril-mzn-WSvth_lwCi0-unsplash-scaled.jpg\",\"width\":1707,\"height\":2560},{\"@type\":\"BreadcrumbList\",\"@id\":\"https:\/\/www.yoursadvisory.com\/suite-et-fin-de-la-saga-sur-la-double-taxation-des-dividendes-francais\/#breadcrumb\",\"itemListElement\":[{\"@type\":\"ListItem\",\"position\":1,\"name\":\"Accueil\",\"item\":\"https:\/\/www.yoursadvisory.com\/en\/\"},{\"@type\":\"ListItem\",\"position\":2,\"name\":\"Suite (et fin ?) de la saga sur la double taxation des dividendes fran\u00e7ais\"}]},{\"@type\":\"WebSite\",\"@id\":\"https:\/\/www.yoursadvisory.com\/en\/#website\",\"url\":\"https:\/\/www.yoursadvisory.com\/en\/\",\"name\":\"Yours Advisory\",\"description\":\"Exclusively Inclusive\",\"publisher\":{\"@id\":\"https:\/\/www.yoursadvisory.com\/en\/#organization\"},\"potentialAction\":[{\"@type\":\"SearchAction\",\"target\":{\"@type\":\"EntryPoint\",\"urlTemplate\":\"https:\/\/www.yoursadvisory.com\/en\/?s={search_term_string}\"},\"query-input\":{\"@type\":\"PropertyValueSpecification\",\"valueRequired\":true,\"valueName\":\"search_term_string\"}}],\"inLanguage\":\"en-GB\"},{\"@type\":\"Organization\",\"@id\":\"https:\/\/www.yoursadvisory.com\/en\/#organization\",\"name\":\"YOURS Advisory\",\"url\":\"https:\/\/www.yoursadvisory.com\/en\/\",\"logo\":{\"@type\":\"ImageObject\",\"inLanguage\":\"en-GB\",\"@id\":\"https:\/\/www.yoursadvisory.com\/en\/#\/schema\/logo\/image\/\",\"url\":\"https:\/\/www.yoursadvisory.com\/wp-content\/uploads\/2021\/04\/logo-YOURS-BE.png\",\"contentUrl\":\"https:\/\/www.yoursadvisory.com\/wp-content\/uploads\/2021\/04\/logo-YOURS-BE.png\",\"width\":1000,\"height\":376,\"caption\":\"YOURS Advisory\"},\"image\":{\"@id\":\"https:\/\/www.yoursadvisory.com\/en\/#\/schema\/logo\/image\/\"},\"sameAs\":[\"https:\/\/www.linkedin.com\/company\/yours---business-&amp;-family-advisory\/\"]},{\"@type\":\"Person\",\"@id\":\"https:\/\/www.yoursadvisory.com\/en\/#\/schema\/person\/f8d64f094a1a6e981c7b34317af8c5a7\",\"name\":\"l.cuvelier\",\"image\":{\"@type\":\"ImageObject\",\"inLanguage\":\"en-GB\",\"@id\":\"https:\/\/www.yoursadvisory.com\/en\/#\/schema\/person\/image\/\",\"url\":\"https:\/\/secure.gravatar.com\/avatar\/1af4eac30472c86bfb36cf1f8cd7ac69b248332daf1dc574b7236bf82b5636e9?s=96&d=mm&r=g\",\"contentUrl\":\"https:\/\/secure.gravatar.com\/avatar\/1af4eac30472c86bfb36cf1f8cd7ac69b248332daf1dc574b7236bf82b5636e9?s=96&d=mm&r=g\",\"caption\":\"l.cuvelier\"}}]}<\/script>\n<!-- \/ Yoast SEO plugin. -->","yoast_head_json":{"title":"Suite (et fin ?) de la saga sur la double taxation des dividendes fran\u00e7ais &#8212; Yours Advisory","robots":{"index":"index","follow":"follow","max-snippet":"max-snippet:-1","max-image-preview":"max-image-preview:large","max-video-preview":"max-video-preview:-1"},"canonical":"https:\/\/www.yoursadvisory.com\/suite-et-fin-de-la-saga-sur-la-double-taxation-des-dividendes-francais\/","og_locale":"en_GB","og_type":"article","og_title":"Suite (et fin ?) de la saga sur la double taxation des dividendes fran\u00e7ais &#8212; Yours Advisory","og_description":"Dans un article publi\u00e9 sur notre blog en mai 2021, nous \u00e9voquions la probl\u00e9matique de la double taxation des dividendes de source fran\u00e7aise vers\u00e9s \u00e0 des r\u00e9sidents fiscaux belges.&nbsp; PREAMBULE [&hellip;]","og_url":"https:\/\/www.yoursadvisory.com\/suite-et-fin-de-la-saga-sur-la-double-taxation-des-dividendes-francais\/","og_site_name":"Yours Advisory","article_published_time":"2024-06-13T08:28:25+00:00","article_modified_time":"2025-03-19T13:30:58+00:00","og_image":[{"width":1707,"height":2560,"url":"https:\/\/www.yoursadvisory.com\/wp-content\/uploads\/2024\/06\/cyril-mzn-WSvth_lwCi0-unsplash-scaled.jpg","type":"image\/jpeg"}],"author":"l.cuvelier","twitter_card":"summary_large_image","schema":{"@context":"https:\/\/schema.org","@graph":[{"@type":"Article","@id":"https:\/\/www.yoursadvisory.com\/suite-et-fin-de-la-saga-sur-la-double-taxation-des-dividendes-francais\/#article","isPartOf":{"@id":"https:\/\/www.yoursadvisory.com\/suite-et-fin-de-la-saga-sur-la-double-taxation-des-dividendes-francais\/"},"author":{"name":"l.cuvelier","@id":"https:\/\/www.yoursadvisory.com\/en\/#\/schema\/person\/f8d64f094a1a6e981c7b34317af8c5a7"},"headline":"Suite (et fin ?) de la saga sur la double taxation des dividendes fran\u00e7ais","datePublished":"2024-06-13T08:28:25+00:00","dateModified":"2025-03-19T13:30:58+00:00","mainEntityOfPage":{"@id":"https:\/\/www.yoursadvisory.com\/suite-et-fin-de-la-saga-sur-la-double-taxation-des-dividendes-francais\/"},"wordCount":894,"publisher":{"@id":"https:\/\/www.yoursadvisory.com\/en\/#organization"},"image":{"@id":"https:\/\/www.yoursadvisory.com\/suite-et-fin-de-la-saga-sur-la-double-taxation-des-dividendes-francais\/#primaryimage"},"thumbnailUrl":"https:\/\/www.yoursadvisory.com\/wp-content\/uploads\/2024\/06\/cyril-mzn-WSvth_lwCi0-unsplash-scaled.jpg","keywords":["fr"],"articleSection":["Actualit\u00e9s"],"inLanguage":"en-GB"},{"@type":"WebPage","@id":"https:\/\/www.yoursadvisory.com\/suite-et-fin-de-la-saga-sur-la-double-taxation-des-dividendes-francais\/","url":"https:\/\/www.yoursadvisory.com\/suite-et-fin-de-la-saga-sur-la-double-taxation-des-dividendes-francais\/","name":"Suite (et fin ?) de la saga sur la double taxation des dividendes fran\u00e7ais &#8212; Yours Advisory","isPartOf":{"@id":"https:\/\/www.yoursadvisory.com\/en\/#website"},"primaryImageOfPage":{"@id":"https:\/\/www.yoursadvisory.com\/suite-et-fin-de-la-saga-sur-la-double-taxation-des-dividendes-francais\/#primaryimage"},"image":{"@id":"https:\/\/www.yoursadvisory.com\/suite-et-fin-de-la-saga-sur-la-double-taxation-des-dividendes-francais\/#primaryimage"},"thumbnailUrl":"https:\/\/www.yoursadvisory.com\/wp-content\/uploads\/2024\/06\/cyril-mzn-WSvth_lwCi0-unsplash-scaled.jpg","datePublished":"2024-06-13T08:28:25+00:00","dateModified":"2025-03-19T13:30:58+00:00","breadcrumb":{"@id":"https:\/\/www.yoursadvisory.com\/suite-et-fin-de-la-saga-sur-la-double-taxation-des-dividendes-francais\/#breadcrumb"},"inLanguage":"en-GB","potentialAction":[{"@type":"ReadAction","target":["https:\/\/www.yoursadvisory.com\/suite-et-fin-de-la-saga-sur-la-double-taxation-des-dividendes-francais\/"]}]},{"@type":"ImageObject","inLanguage":"en-GB","@id":"https:\/\/www.yoursadvisory.com\/suite-et-fin-de-la-saga-sur-la-double-taxation-des-dividendes-francais\/#primaryimage","url":"https:\/\/www.yoursadvisory.com\/wp-content\/uploads\/2024\/06\/cyril-mzn-WSvth_lwCi0-unsplash-scaled.jpg","contentUrl":"https:\/\/www.yoursadvisory.com\/wp-content\/uploads\/2024\/06\/cyril-mzn-WSvth_lwCi0-unsplash-scaled.jpg","width":1707,"height":2560},{"@type":"BreadcrumbList","@id":"https:\/\/www.yoursadvisory.com\/suite-et-fin-de-la-saga-sur-la-double-taxation-des-dividendes-francais\/#breadcrumb","itemListElement":[{"@type":"ListItem","position":1,"name":"Accueil","item":"https:\/\/www.yoursadvisory.com\/en\/"},{"@type":"ListItem","position":2,"name":"Suite (et fin ?) de la saga sur la double taxation des dividendes fran\u00e7ais"}]},{"@type":"WebSite","@id":"https:\/\/www.yoursadvisory.com\/en\/#website","url":"https:\/\/www.yoursadvisory.com\/en\/","name":"Yours Advisory","description":"Exclusively Inclusive","publisher":{"@id":"https:\/\/www.yoursadvisory.com\/en\/#organization"},"potentialAction":[{"@type":"SearchAction","target":{"@type":"EntryPoint","urlTemplate":"https:\/\/www.yoursadvisory.com\/en\/?s={search_term_string}"},"query-input":{"@type":"PropertyValueSpecification","valueRequired":true,"valueName":"search_term_string"}}],"inLanguage":"en-GB"},{"@type":"Organization","@id":"https:\/\/www.yoursadvisory.com\/en\/#organization","name":"YOURS Advisory","url":"https:\/\/www.yoursadvisory.com\/en\/","logo":{"@type":"ImageObject","inLanguage":"en-GB","@id":"https:\/\/www.yoursadvisory.com\/en\/#\/schema\/logo\/image\/","url":"https:\/\/www.yoursadvisory.com\/wp-content\/uploads\/2021\/04\/logo-YOURS-BE.png","contentUrl":"https:\/\/www.yoursadvisory.com\/wp-content\/uploads\/2021\/04\/logo-YOURS-BE.png","width":1000,"height":376,"caption":"YOURS Advisory"},"image":{"@id":"https:\/\/www.yoursadvisory.com\/en\/#\/schema\/logo\/image\/"},"sameAs":["https:\/\/www.linkedin.com\/company\/yours---business-&amp;-family-advisory\/"]},{"@type":"Person","@id":"https:\/\/www.yoursadvisory.com\/en\/#\/schema\/person\/f8d64f094a1a6e981c7b34317af8c5a7","name":"l.cuvelier","image":{"@type":"ImageObject","inLanguage":"en-GB","@id":"https:\/\/www.yoursadvisory.com\/en\/#\/schema\/person\/image\/","url":"https:\/\/secure.gravatar.com\/avatar\/1af4eac30472c86bfb36cf1f8cd7ac69b248332daf1dc574b7236bf82b5636e9?s=96&d=mm&r=g","contentUrl":"https:\/\/secure.gravatar.com\/avatar\/1af4eac30472c86bfb36cf1f8cd7ac69b248332daf1dc574b7236bf82b5636e9?s=96&d=mm&r=g","caption":"l.cuvelier"}}]}},"_links":{"self":[{"href":"https:\/\/www.yoursadvisory.com\/en\/wp-json\/wp\/v2\/posts\/2018","targetHints":{"allow":["GET"]}}],"collection":[{"href":"https:\/\/www.yoursadvisory.com\/en\/wp-json\/wp\/v2\/posts"}],"about":[{"href":"https:\/\/www.yoursadvisory.com\/en\/wp-json\/wp\/v2\/types\/post"}],"author":[{"embeddable":true,"href":"https:\/\/www.yoursadvisory.com\/en\/wp-json\/wp\/v2\/users\/5"}],"replies":[{"embeddable":true,"href":"https:\/\/www.yoursadvisory.com\/en\/wp-json\/wp\/v2\/comments?post=2018"}],"version-history":[{"count":1,"href":"https:\/\/www.yoursadvisory.com\/en\/wp-json\/wp\/v2\/posts\/2018\/revisions"}],"predecessor-version":[{"id":2021,"href":"https:\/\/www.yoursadvisory.com\/en\/wp-json\/wp\/v2\/posts\/2018\/revisions\/2021"}],"wp:featuredmedia":[{"embeddable":true,"href":"https:\/\/www.yoursadvisory.com\/en\/wp-json\/wp\/v2\/media\/2019"}],"wp:attachment":[{"href":"https:\/\/www.yoursadvisory.com\/en\/wp-json\/wp\/v2\/media?parent=2018"}],"wp:term":[{"taxonomy":"category","embeddable":true,"href":"https:\/\/www.yoursadvisory.com\/en\/wp-json\/wp\/v2\/categories?post=2018"},{"taxonomy":"post_tag","embeddable":true,"href":"https:\/\/www.yoursadvisory.com\/en\/wp-json\/wp\/v2\/tags?post=2018"}],"curies":[{"name":"wp","href":"https:\/\/api.w.org\/{rel}","templated":true}]}}