{"id":2109,"date":"2025-02-12T12:29:14","date_gmt":"2025-02-12T11:29:14","guid":{"rendered":"https:\/\/www.yoursadvisory.com\/?p=2109"},"modified":"2025-04-01T09:42:39","modified_gmt":"2025-04-01T07:42:39","slug":"synthese-des-principales-mesures-de-laccord-de-gouvernement-arizona","status":"publish","type":"post","link":"https:\/\/www.yoursadvisory.com\/en\/synthese-des-principales-mesures-de-laccord-de-gouvernement-arizona\/","title":{"rendered":"Synth\u00e8se des principales mesures de l\u2019accord de gouvernement Arizona"},"content":{"rendered":"\n<p>Apr\u00e8s plusieurs mois de n\u00e9gociation, les premi\u00e8res mesures fiscales du gouvernement Arizona ont \u00e9t\u00e9 d\u00e9voil\u00e9es. Celles-ci n\u2019entreront&nbsp;<strong><u>en vigueur qu\u2019\u00e0 partir de 2026<\/u><\/strong>&nbsp;\u00e9tant entendu que \u00ab&nbsp;le gouvernement s\u2019engage \u00e0 ne pas introduire de r\u00e8gles fiscales r\u00e9troactives&nbsp;\u00bb. Nous attirons \u00e9galement votre attention sur le fait que les&nbsp;<strong>contours de certaines propositions sont encore floues<\/strong>&nbsp;et qu\u2019il existe \u00e0 ce jour des&nbsp;<strong>divergences<\/strong>&nbsp;parfois importantes entre les version en fran\u00e7ais et en n\u00e9erlandais. Nous vous pr\u00e9sentons ci-apr\u00e8s celles qui nous paraissent \u00eatre les plus significatives.<\/p>\n\n\n\n<hr class=\"wp-block-separator has-alpha-channel-opacity\"\/>\n\n\n\n<p><strong>Mise en place d\u2019une taxe sur les plus-values financi\u00e8res<a href=\"applewebdata:\/\/46A7C81C-21FA-4D7E-ACE1-79509033B98A#_ftn1\"><sup><strong>[1]<\/strong><\/sup><\/a><\/strong><\/p>\n\n\n\n<p>Parmi les nouvelles mesures budg\u00e9taires annonc\u00e9es, le gouvernement entend mettre en place une taxation de 10 % portant sur les plus-values financi\u00e8res (actifs cot\u00e9s ou non cot\u00e9s, telles que les participations d\u2019entreprise), apr\u00e8s application d\u2019une exon\u00e9ration de 10.000 \u20ac. A noter que les plus-values seront calcul\u00e9es \u00e0 partir du moment o\u00f9 cette cotisation sera instaur\u00e9e, ce qui signifie que les plus-values historiques seront exon\u00e9r\u00e9es.&nbsp;<\/p>\n\n\n\n<p>Par ailleurs, afin de limiter la taxation portant sur les participations importantes<a href=\"applewebdata:\/\/46A7C81C-21FA-4D7E-ACE1-79509033B98A#_ftn2\"><sup>[2]<\/sup><\/a>, un bar\u00e8me progressif serait mis en place&nbsp;:<\/p>\n\n\n\n<div class=\"wp-block-group\"><div class=\"wp-block-group__inner-container is-layout-constrained wp-block-group-is-layout-constrained\">\n<figure class=\"wp-block-table is-style-stripes\"><table class=\"has-fixed-layout\"><tbody><tr><td colspan=\"2\"><strong>Tranches de la plus-value<\/strong><\/td><td><strong>Taux de la taxe<\/strong><\/td><\/tr><tr><td><strong>De<\/strong><\/td><td><strong>A<\/strong><\/td><td><strong>&nbsp;<\/strong><\/td><\/tr><tr><td>0 \u20ac<\/td><td>1 million \u20ac<\/td><td>0 %<\/td><\/tr><tr><td>1 million \u20ac<\/td><td>2,5 millions \u20ac<\/td><td>1,25 %<\/td><\/tr><tr><td>2,5 millions \u20ac<\/td><td>5 millions \u20ac<\/td><td>2,50 %<\/td><\/tr><tr><td>5 millions \u20ac<\/td><td>10 millions \u20ac<\/td><td>5 %<\/td><\/tr><tr><td colspan=\"2\">Au-del\u00e0 de 10 millions \u20ac<\/td><td>10 %<\/td><\/tr><\/tbody><\/table><\/figure>\n<\/div><\/div>\n\n\n\n<p><strong>Taxe sur les comptes-titres&nbsp;: statu quo<\/strong><\/p>\n\n\n\n<p>Le taux de la taxe sera maintenu \u00e0 0,15 %.<\/p>\n\n\n\n<p><strong>Durcissement du r\u00e9gime RDT pour les grandes entreprises<\/strong><\/p>\n\n\n\n<p>La d\u00e9duction pour revenus d\u00e9finitivement tax\u00e9s (RDT) est un r\u00e9gime d\u2019exon\u00e9ration destin\u00e9 aux soci\u00e9t\u00e9s qui investissent dans des actions d\u2019autres soci\u00e9t\u00e9s. Celles-ci peuvent, sous certaines conditions, d\u00e9duire int\u00e9gralement de leur b\u00e9n\u00e9fice les dividendes et les plus-values g\u00e9n\u00e9r\u00e9s par les actions. Une double imposition est d\u00e8s lors \u00e9vit\u00e9e dans la mesure o\u00f9 les revenus ont d\u00e9j\u00e0 \u00e9t\u00e9 impos\u00e9s au niveau de la soci\u00e9t\u00e9 distributrice. Pour b\u00e9n\u00e9ficier de ce r\u00e9gime, les actions doivent jusqu\u2019\u00e0 pr\u00e9sent soit repr\u00e9senter une participation de 10 % dans la filiale, soit atteindre une valeur d\u2019investissement d\u2019au moins 2,5 millions d\u2019euros.<\/p>\n\n\n\n<p>Avec le nouvel accord de gouvernement, la condition de participation minimale de 10 % sera maintenue mais le seuil passera de 2,5 millions d\u2019euros \u00e0 4 millions d\u2019euros. A noter que ce durcissement ne s\u2019appliquera pas aux moyennes entreprises<a href=\"applewebdata:\/\/46A7C81C-21FA-4D7E-ACE1-79509033B98A#_ftn3\"><sup>[3]<\/sup><\/a>.<\/p>\n\n\n\n<p><strong>SICAV RDT&nbsp;: imposition \u00e0 la sortie<\/strong><\/p>\n\n\n\n<p>Une taxe de 5 % sera d\u00e9sormais pr\u00e9lev\u00e9e sur la plus-value r\u00e9alis\u00e9e au moment de la sortie d\u2019une SICAV RDT.<\/p>\n\n\n\n<p><strong>D\u00e9lai d\u2019attente r\u00e9duit pour la r\u00e9serve de liquidation<\/strong><\/p>\n\n\n\n<p>Depuis l\u2019exercice d\u2019imposition 2015, les \u00ab&nbsp;petites&nbsp;\u00bb soci\u00e9t\u00e9s<a href=\"applewebdata:\/\/46A7C81C-21FA-4D7E-ACE1-79509033B98A#_ftn4\"><sup>[4]<\/sup><\/a>&nbsp;peuvent mettre en r\u00e9serve chaque ann\u00e9e tout ou partie de leur b\u00e9n\u00e9fice dans une r\u00e9serve de liquidation, moyennant le paiement imm\u00e9diat d\u2019une cotisation de 10 % calcul\u00e9e sur les montants mis en r\u00e9serve. En cas de liquidation ult\u00e9rieure de la soci\u00e9t\u00e9, cette r\u00e9serve de liquidation \u00e9chappe \u00e0 tout imp\u00f4t compl\u00e9mentaire. Par ailleurs, si la soci\u00e9t\u00e9 distribue la r\u00e9serve de liquidation au moyen d\u2019une distribution ordinaire de dividendes, il y aura dans ce cas un pr\u00e9compte r\u00e9duit qui sera d\u00fb.&nbsp;<\/p>\n\n\n\n<p>Jusqu\u2019\u00e0 pr\u00e9sent, le taux du pr\u00e9compte mobilier s\u2019\u00e9levait \u00e0 20 % si la distribution intervenait dans les 5 ans qui suivent la mise en r\u00e9serve et \u00e0 5 % apr\u00e8s \u00e9coulement d\u2019un d\u00e9lai de 5 ans.<\/p>\n\n\n\n<p>L\u2019accord de gouvernement pr\u00e9voit que le d\u00e9lai d\u2019attente pour la r\u00e9serve de liquidation passe de 5 \u00e0 3 ans et pour les r\u00e9serves de liquidation constitu\u00e9es \u00e0 partir du 1<sup>er<\/sup>&nbsp;janvier 2026 le pr\u00e9compte mobilier pr\u00e9lev\u00e9 \u00e0 l\u2019issue du d\u00e9lai d\u2019attente sera augment\u00e9 de 5 % \u00e0 6,5 %. Les distributions qui interviendront avant le d\u00e9lai de 3 ans seront quant \u00e0 elles tax\u00e9es au taux standard du pr\u00e9compte mobilier de 30 %.<\/p>\n\n\n\n<p><strong><em>Carried interest<\/em><\/strong><strong>&nbsp;: instauration d\u2019un r\u00e9gime sp\u00e9cifique<\/strong><\/p>\n\n\n\n<p>Afin de \u00ab&nbsp;stimuler l\u2019activit\u00e9 des fonds en Belgique&nbsp;\u00bb, le gouvernement souhaite instaurer un r\u00e9gime sp\u00e9cifique et comp\u00e9titif par rapport aux \u00c9tats voisins en ce qui concerne les&nbsp;<em>carried interests<\/em>. Il n\u2019y a \u00e0 ce stade que peu de pr\u00e9cisions mais ce nouveau r\u00e9gime pr\u00e9voit un taux d\u2019imposition maximal de 30 % sur les revenus mobiliers et qu\u2019il n\u2019aura aucun effet sur les plans existants.<\/p>\n\n\n\n<hr class=\"wp-block-separator has-alpha-channel-opacity\"\/>\n\n\n\n<p><a href=\"applewebdata:\/\/46A7C81C-21FA-4D7E-ACE1-79509033B98A#_ftnref1\"><sup>[1]<\/sup><\/a>&nbsp;Formul\u00e9e comme \u201ccontribution g\u00e9n\u00e9rale de solidarit\u00e9\u201d<\/p>\n\n\n\n<p><a href=\"applewebdata:\/\/46A7C81C-21FA-4D7E-ACE1-79509033B98A#_ftnref2\"><sup>[2]<\/sup><\/a>&nbsp;Participation d\u2019au moins 20 % dans le capital de la soci\u00e9t\u00e9<\/p>\n\n\n\n<p><a href=\"applewebdata:\/\/46A7C81C-21FA-4D7E-ACE1-79509033B98A#_ftnref3\"><sup>[3]<\/sup><\/a>&nbsp;Art. 2, \u00a71er, 4\u00b0 \/1 CIR92 : \u00ab&nbsp;une personne morale exer\u00e7ant une activit\u00e9 \u00e9conomique, qui occupe pour au moins deux des trois derni\u00e8res p\u00e9riodes imposables cl\u00f4tur\u00e9es une moyenne de personnel de moins de 250 personnes en \u00e9quivalents temps plein et dont le chiffre d\u2019affaires \u00e0 l\u2019exclusion de la taxe sur la valeur ajout\u00e9e n\u2019exc\u00e8de pas 50m\u20ac ou le total du bilan n\u2019exc\u00e8de pas 43m\u20ac&nbsp;\u00bb<\/p>\n\n\n\n<p><a href=\"applewebdata:\/\/46A7C81C-21FA-4D7E-ACE1-79509033B98A#_ftnref4\"><sup>[4]<\/sup><\/a>&nbsp;Art. 1:24 CSA&nbsp;: une&nbsp;\u00ab petite soci\u00e9t\u00e9 \u00bb est une soci\u00e9t\u00e9 qui, \u00e0 la date de bilan du dernier et de l\u2019avant dernier exercice cl\u00f4tur\u00e9, ne d\u00e9passe pas plus d&#8217;une des limites suivantes :&nbsp;<\/p>\n\n\n\n<p>&#8211; nombre de travailleurs occup\u00e9s, en moyenne annuelle : 50&nbsp;<\/p>\n\n\n\n<p>&#8211; chiffre d&#8217;affaires annuel (hors TVA) : 11,25m\u20ac<\/p>\n\n\n\n<p>&#8211; total du bilan : 6m\u20ac<\/p>\n","protected":false},"excerpt":{"rendered":"<p>Apr\u00e8s plusieurs mois de n\u00e9gociation, les premi\u00e8res mesures fiscales du gouvernement Arizona ont \u00e9t\u00e9 d\u00e9voil\u00e9es. Celles-ci n\u2019entreront&nbsp;en vigueur qu\u2019\u00e0 partir de 2026&nbsp;\u00e9tant entendu que \u00ab&nbsp;le gouvernement s\u2019engage \u00e0 ne pas [&hellip;]<\/p>\n","protected":false},"author":5,"featured_media":2120,"comment_status":"closed","ping_status":"closed","sticky":false,"template":"","format":"standard","meta":{"_acf_changed":false,"footnotes":""},"categories":[15],"tags":[51],"class_list":["post-2109","post","type-post","status-publish","format-standard","has-post-thumbnail","hentry","category-actualites","tag-fr"],"acf":[],"featured_image_src":"https:\/\/www.yoursadvisory.com\/wp-content\/uploads\/2025\/02\/brussels-4559085_1280.jpg","author_info":{"display_name":"l.cuvelier","author_link":"https:\/\/www.yoursadvisory.com\/en\/author\/l-cuvelier\/"},"yoast_head":"<!-- This site is optimized with the Yoast SEO plugin v26.3 - https:\/\/yoast.com\/wordpress\/plugins\/seo\/ -->\n<title>Synth\u00e8se des principales mesures de l\u2019accord de gouvernement Arizona &#8212; Yours Advisory<\/title>\n<meta name=\"robots\" content=\"index, follow, max-snippet:-1, max-image-preview:large, max-video-preview:-1\" \/>\n<link rel=\"canonical\" href=\"https:\/\/www.yoursadvisory.com\/synthese-des-principales-mesures-de-laccord-de-gouvernement-arizona\/\" \/>\n<meta property=\"og:locale\" content=\"en_GB\" \/>\n<meta property=\"og:type\" content=\"article\" \/>\n<meta property=\"og:title\" content=\"Synth\u00e8se des principales mesures de l\u2019accord de gouvernement Arizona &#8212; Yours Advisory\" \/>\n<meta property=\"og:description\" content=\"Apr\u00e8s plusieurs mois de n\u00e9gociation, les premi\u00e8res mesures fiscales du gouvernement Arizona ont \u00e9t\u00e9 d\u00e9voil\u00e9es. Celles-ci n\u2019entreront&nbsp;en vigueur qu\u2019\u00e0 partir de 2026&nbsp;\u00e9tant entendu que \u00ab&nbsp;le gouvernement s\u2019engage \u00e0 ne pas [&hellip;]\" \/>\n<meta property=\"og:url\" content=\"https:\/\/www.yoursadvisory.com\/synthese-des-principales-mesures-de-laccord-de-gouvernement-arizona\/\" \/>\n<meta property=\"og:site_name\" content=\"Yours Advisory\" \/>\n<meta property=\"article:published_time\" content=\"2025-02-12T11:29:14+00:00\" \/>\n<meta property=\"article:modified_time\" content=\"2025-04-01T07:42:39+00:00\" \/>\n<meta property=\"og:image\" content=\"https:\/\/www.yoursadvisory.com\/wp-content\/uploads\/2025\/02\/brussels-4559085_1280.jpg\" \/>\n\t<meta property=\"og:image:width\" content=\"1280\" \/>\n\t<meta property=\"og:image:height\" content=\"853\" \/>\n\t<meta property=\"og:image:type\" content=\"image\/jpeg\" \/>\n<meta name=\"author\" content=\"l.cuvelier\" \/>\n<meta name=\"twitter:card\" content=\"summary_large_image\" \/>\n<script type=\"application\/ld+json\" class=\"yoast-schema-graph\">{\"@context\":\"https:\/\/schema.org\",\"@graph\":[{\"@type\":\"Article\",\"@id\":\"https:\/\/www.yoursadvisory.com\/synthese-des-principales-mesures-de-laccord-de-gouvernement-arizona\/#article\",\"isPartOf\":{\"@id\":\"https:\/\/www.yoursadvisory.com\/synthese-des-principales-mesures-de-laccord-de-gouvernement-arizona\/\"},\"author\":{\"name\":\"l.cuvelier\",\"@id\":\"https:\/\/www.yoursadvisory.com\/en\/#\/schema\/person\/f8d64f094a1a6e981c7b34317af8c5a7\"},\"headline\":\"Synth\u00e8se des principales mesures de l\u2019accord de gouvernement Arizona\",\"datePublished\":\"2025-02-12T11:29:14+00:00\",\"dateModified\":\"2025-04-01T07:42:39+00:00\",\"mainEntityOfPage\":{\"@id\":\"https:\/\/www.yoursadvisory.com\/synthese-des-principales-mesures-de-laccord-de-gouvernement-arizona\/\"},\"wordCount\":923,\"publisher\":{\"@id\":\"https:\/\/www.yoursadvisory.com\/en\/#organization\"},\"image\":{\"@id\":\"https:\/\/www.yoursadvisory.com\/synthese-des-principales-mesures-de-laccord-de-gouvernement-arizona\/#primaryimage\"},\"thumbnailUrl\":\"https:\/\/www.yoursadvisory.com\/wp-content\/uploads\/2025\/02\/brussels-4559085_1280.jpg\",\"keywords\":[\"fr\"],\"articleSection\":[\"Actualit\u00e9s\"],\"inLanguage\":\"en-GB\"},{\"@type\":\"WebPage\",\"@id\":\"https:\/\/www.yoursadvisory.com\/synthese-des-principales-mesures-de-laccord-de-gouvernement-arizona\/\",\"url\":\"https:\/\/www.yoursadvisory.com\/synthese-des-principales-mesures-de-laccord-de-gouvernement-arizona\/\",\"name\":\"Synth\u00e8se des principales mesures de l\u2019accord de gouvernement Arizona &#8212; Yours Advisory\",\"isPartOf\":{\"@id\":\"https:\/\/www.yoursadvisory.com\/en\/#website\"},\"primaryImageOfPage\":{\"@id\":\"https:\/\/www.yoursadvisory.com\/synthese-des-principales-mesures-de-laccord-de-gouvernement-arizona\/#primaryimage\"},\"image\":{\"@id\":\"https:\/\/www.yoursadvisory.com\/synthese-des-principales-mesures-de-laccord-de-gouvernement-arizona\/#primaryimage\"},\"thumbnailUrl\":\"https:\/\/www.yoursadvisory.com\/wp-content\/uploads\/2025\/02\/brussels-4559085_1280.jpg\",\"datePublished\":\"2025-02-12T11:29:14+00:00\",\"dateModified\":\"2025-04-01T07:42:39+00:00\",\"breadcrumb\":{\"@id\":\"https:\/\/www.yoursadvisory.com\/synthese-des-principales-mesures-de-laccord-de-gouvernement-arizona\/#breadcrumb\"},\"inLanguage\":\"en-GB\",\"potentialAction\":[{\"@type\":\"ReadAction\",\"target\":[\"https:\/\/www.yoursadvisory.com\/synthese-des-principales-mesures-de-laccord-de-gouvernement-arizona\/\"]}]},{\"@type\":\"ImageObject\",\"inLanguage\":\"en-GB\",\"@id\":\"https:\/\/www.yoursadvisory.com\/synthese-des-principales-mesures-de-laccord-de-gouvernement-arizona\/#primaryimage\",\"url\":\"https:\/\/www.yoursadvisory.com\/wp-content\/uploads\/2025\/02\/brussels-4559085_1280.jpg\",\"contentUrl\":\"https:\/\/www.yoursadvisory.com\/wp-content\/uploads\/2025\/02\/brussels-4559085_1280.jpg\",\"width\":1280,\"height\":853},{\"@type\":\"BreadcrumbList\",\"@id\":\"https:\/\/www.yoursadvisory.com\/synthese-des-principales-mesures-de-laccord-de-gouvernement-arizona\/#breadcrumb\",\"itemListElement\":[{\"@type\":\"ListItem\",\"position\":1,\"name\":\"Accueil\",\"item\":\"https:\/\/www.yoursadvisory.com\/en\/\"},{\"@type\":\"ListItem\",\"position\":2,\"name\":\"Synth\u00e8se des principales mesures de l\u2019accord de gouvernement Arizona\"}]},{\"@type\":\"WebSite\",\"@id\":\"https:\/\/www.yoursadvisory.com\/en\/#website\",\"url\":\"https:\/\/www.yoursadvisory.com\/en\/\",\"name\":\"Yours Advisory\",\"description\":\"Exclusively Inclusive\",\"publisher\":{\"@id\":\"https:\/\/www.yoursadvisory.com\/en\/#organization\"},\"potentialAction\":[{\"@type\":\"SearchAction\",\"target\":{\"@type\":\"EntryPoint\",\"urlTemplate\":\"https:\/\/www.yoursadvisory.com\/en\/?s={search_term_string}\"},\"query-input\":{\"@type\":\"PropertyValueSpecification\",\"valueRequired\":true,\"valueName\":\"search_term_string\"}}],\"inLanguage\":\"en-GB\"},{\"@type\":\"Organization\",\"@id\":\"https:\/\/www.yoursadvisory.com\/en\/#organization\",\"name\":\"YOURS Advisory\",\"url\":\"https:\/\/www.yoursadvisory.com\/en\/\",\"logo\":{\"@type\":\"ImageObject\",\"inLanguage\":\"en-GB\",\"@id\":\"https:\/\/www.yoursadvisory.com\/en\/#\/schema\/logo\/image\/\",\"url\":\"https:\/\/www.yoursadvisory.com\/wp-content\/uploads\/2021\/04\/logo-YOURS-BE.png\",\"contentUrl\":\"https:\/\/www.yoursadvisory.com\/wp-content\/uploads\/2021\/04\/logo-YOURS-BE.png\",\"width\":1000,\"height\":376,\"caption\":\"YOURS Advisory\"},\"image\":{\"@id\":\"https:\/\/www.yoursadvisory.com\/en\/#\/schema\/logo\/image\/\"},\"sameAs\":[\"https:\/\/www.linkedin.com\/company\/yours---business-&amp;-family-advisory\/\"]},{\"@type\":\"Person\",\"@id\":\"https:\/\/www.yoursadvisory.com\/en\/#\/schema\/person\/f8d64f094a1a6e981c7b34317af8c5a7\",\"name\":\"l.cuvelier\",\"image\":{\"@type\":\"ImageObject\",\"inLanguage\":\"en-GB\",\"@id\":\"https:\/\/www.yoursadvisory.com\/en\/#\/schema\/person\/image\/\",\"url\":\"https:\/\/secure.gravatar.com\/avatar\/1af4eac30472c86bfb36cf1f8cd7ac69b248332daf1dc574b7236bf82b5636e9?s=96&d=mm&r=g\",\"contentUrl\":\"https:\/\/secure.gravatar.com\/avatar\/1af4eac30472c86bfb36cf1f8cd7ac69b248332daf1dc574b7236bf82b5636e9?s=96&d=mm&r=g\",\"caption\":\"l.cuvelier\"}}]}<\/script>\n<!-- \/ Yoast SEO plugin. -->","yoast_head_json":{"title":"Synth\u00e8se des principales mesures de l\u2019accord de gouvernement Arizona &#8212; Yours Advisory","robots":{"index":"index","follow":"follow","max-snippet":"max-snippet:-1","max-image-preview":"max-image-preview:large","max-video-preview":"max-video-preview:-1"},"canonical":"https:\/\/www.yoursadvisory.com\/synthese-des-principales-mesures-de-laccord-de-gouvernement-arizona\/","og_locale":"en_GB","og_type":"article","og_title":"Synth\u00e8se des principales mesures de l\u2019accord de gouvernement Arizona &#8212; Yours Advisory","og_description":"Apr\u00e8s plusieurs mois de n\u00e9gociation, les premi\u00e8res mesures fiscales du gouvernement Arizona ont \u00e9t\u00e9 d\u00e9voil\u00e9es. Celles-ci n\u2019entreront&nbsp;en vigueur qu\u2019\u00e0 partir de 2026&nbsp;\u00e9tant entendu que \u00ab&nbsp;le gouvernement s\u2019engage \u00e0 ne pas [&hellip;]","og_url":"https:\/\/www.yoursadvisory.com\/synthese-des-principales-mesures-de-laccord-de-gouvernement-arizona\/","og_site_name":"Yours Advisory","article_published_time":"2025-02-12T11:29:14+00:00","article_modified_time":"2025-04-01T07:42:39+00:00","og_image":[{"width":1280,"height":853,"url":"https:\/\/www.yoursadvisory.com\/wp-content\/uploads\/2025\/02\/brussels-4559085_1280.jpg","type":"image\/jpeg"}],"author":"l.cuvelier","twitter_card":"summary_large_image","schema":{"@context":"https:\/\/schema.org","@graph":[{"@type":"Article","@id":"https:\/\/www.yoursadvisory.com\/synthese-des-principales-mesures-de-laccord-de-gouvernement-arizona\/#article","isPartOf":{"@id":"https:\/\/www.yoursadvisory.com\/synthese-des-principales-mesures-de-laccord-de-gouvernement-arizona\/"},"author":{"name":"l.cuvelier","@id":"https:\/\/www.yoursadvisory.com\/en\/#\/schema\/person\/f8d64f094a1a6e981c7b34317af8c5a7"},"headline":"Synth\u00e8se des principales mesures de l\u2019accord de gouvernement Arizona","datePublished":"2025-02-12T11:29:14+00:00","dateModified":"2025-04-01T07:42:39+00:00","mainEntityOfPage":{"@id":"https:\/\/www.yoursadvisory.com\/synthese-des-principales-mesures-de-laccord-de-gouvernement-arizona\/"},"wordCount":923,"publisher":{"@id":"https:\/\/www.yoursadvisory.com\/en\/#organization"},"image":{"@id":"https:\/\/www.yoursadvisory.com\/synthese-des-principales-mesures-de-laccord-de-gouvernement-arizona\/#primaryimage"},"thumbnailUrl":"https:\/\/www.yoursadvisory.com\/wp-content\/uploads\/2025\/02\/brussels-4559085_1280.jpg","keywords":["fr"],"articleSection":["Actualit\u00e9s"],"inLanguage":"en-GB"},{"@type":"WebPage","@id":"https:\/\/www.yoursadvisory.com\/synthese-des-principales-mesures-de-laccord-de-gouvernement-arizona\/","url":"https:\/\/www.yoursadvisory.com\/synthese-des-principales-mesures-de-laccord-de-gouvernement-arizona\/","name":"Synth\u00e8se des principales mesures de l\u2019accord de gouvernement Arizona &#8212; Yours Advisory","isPartOf":{"@id":"https:\/\/www.yoursadvisory.com\/en\/#website"},"primaryImageOfPage":{"@id":"https:\/\/www.yoursadvisory.com\/synthese-des-principales-mesures-de-laccord-de-gouvernement-arizona\/#primaryimage"},"image":{"@id":"https:\/\/www.yoursadvisory.com\/synthese-des-principales-mesures-de-laccord-de-gouvernement-arizona\/#primaryimage"},"thumbnailUrl":"https:\/\/www.yoursadvisory.com\/wp-content\/uploads\/2025\/02\/brussels-4559085_1280.jpg","datePublished":"2025-02-12T11:29:14+00:00","dateModified":"2025-04-01T07:42:39+00:00","breadcrumb":{"@id":"https:\/\/www.yoursadvisory.com\/synthese-des-principales-mesures-de-laccord-de-gouvernement-arizona\/#breadcrumb"},"inLanguage":"en-GB","potentialAction":[{"@type":"ReadAction","target":["https:\/\/www.yoursadvisory.com\/synthese-des-principales-mesures-de-laccord-de-gouvernement-arizona\/"]}]},{"@type":"ImageObject","inLanguage":"en-GB","@id":"https:\/\/www.yoursadvisory.com\/synthese-des-principales-mesures-de-laccord-de-gouvernement-arizona\/#primaryimage","url":"https:\/\/www.yoursadvisory.com\/wp-content\/uploads\/2025\/02\/brussels-4559085_1280.jpg","contentUrl":"https:\/\/www.yoursadvisory.com\/wp-content\/uploads\/2025\/02\/brussels-4559085_1280.jpg","width":1280,"height":853},{"@type":"BreadcrumbList","@id":"https:\/\/www.yoursadvisory.com\/synthese-des-principales-mesures-de-laccord-de-gouvernement-arizona\/#breadcrumb","itemListElement":[{"@type":"ListItem","position":1,"name":"Accueil","item":"https:\/\/www.yoursadvisory.com\/en\/"},{"@type":"ListItem","position":2,"name":"Synth\u00e8se des principales mesures de l\u2019accord de gouvernement Arizona"}]},{"@type":"WebSite","@id":"https:\/\/www.yoursadvisory.com\/en\/#website","url":"https:\/\/www.yoursadvisory.com\/en\/","name":"Yours Advisory","description":"Exclusively Inclusive","publisher":{"@id":"https:\/\/www.yoursadvisory.com\/en\/#organization"},"potentialAction":[{"@type":"SearchAction","target":{"@type":"EntryPoint","urlTemplate":"https:\/\/www.yoursadvisory.com\/en\/?s={search_term_string}"},"query-input":{"@type":"PropertyValueSpecification","valueRequired":true,"valueName":"search_term_string"}}],"inLanguage":"en-GB"},{"@type":"Organization","@id":"https:\/\/www.yoursadvisory.com\/en\/#organization","name":"YOURS Advisory","url":"https:\/\/www.yoursadvisory.com\/en\/","logo":{"@type":"ImageObject","inLanguage":"en-GB","@id":"https:\/\/www.yoursadvisory.com\/en\/#\/schema\/logo\/image\/","url":"https:\/\/www.yoursadvisory.com\/wp-content\/uploads\/2021\/04\/logo-YOURS-BE.png","contentUrl":"https:\/\/www.yoursadvisory.com\/wp-content\/uploads\/2021\/04\/logo-YOURS-BE.png","width":1000,"height":376,"caption":"YOURS Advisory"},"image":{"@id":"https:\/\/www.yoursadvisory.com\/en\/#\/schema\/logo\/image\/"},"sameAs":["https:\/\/www.linkedin.com\/company\/yours---business-&amp;-family-advisory\/"]},{"@type":"Person","@id":"https:\/\/www.yoursadvisory.com\/en\/#\/schema\/person\/f8d64f094a1a6e981c7b34317af8c5a7","name":"l.cuvelier","image":{"@type":"ImageObject","inLanguage":"en-GB","@id":"https:\/\/www.yoursadvisory.com\/en\/#\/schema\/person\/image\/","url":"https:\/\/secure.gravatar.com\/avatar\/1af4eac30472c86bfb36cf1f8cd7ac69b248332daf1dc574b7236bf82b5636e9?s=96&d=mm&r=g","contentUrl":"https:\/\/secure.gravatar.com\/avatar\/1af4eac30472c86bfb36cf1f8cd7ac69b248332daf1dc574b7236bf82b5636e9?s=96&d=mm&r=g","caption":"l.cuvelier"}}]}},"_links":{"self":[{"href":"https:\/\/www.yoursadvisory.com\/en\/wp-json\/wp\/v2\/posts\/2109","targetHints":{"allow":["GET"]}}],"collection":[{"href":"https:\/\/www.yoursadvisory.com\/en\/wp-json\/wp\/v2\/posts"}],"about":[{"href":"https:\/\/www.yoursadvisory.com\/en\/wp-json\/wp\/v2\/types\/post"}],"author":[{"embeddable":true,"href":"https:\/\/www.yoursadvisory.com\/en\/wp-json\/wp\/v2\/users\/5"}],"replies":[{"embeddable":true,"href":"https:\/\/www.yoursadvisory.com\/en\/wp-json\/wp\/v2\/comments?post=2109"}],"version-history":[{"count":10,"href":"https:\/\/www.yoursadvisory.com\/en\/wp-json\/wp\/v2\/posts\/2109\/revisions"}],"predecessor-version":[{"id":2353,"href":"https:\/\/www.yoursadvisory.com\/en\/wp-json\/wp\/v2\/posts\/2109\/revisions\/2353"}],"wp:featuredmedia":[{"embeddable":true,"href":"https:\/\/www.yoursadvisory.com\/en\/wp-json\/wp\/v2\/media\/2120"}],"wp:attachment":[{"href":"https:\/\/www.yoursadvisory.com\/en\/wp-json\/wp\/v2\/media?parent=2109"}],"wp:term":[{"taxonomy":"category","embeddable":true,"href":"https:\/\/www.yoursadvisory.com\/en\/wp-json\/wp\/v2\/categories?post=2109"},{"taxonomy":"post_tag","embeddable":true,"href":"https:\/\/www.yoursadvisory.com\/en\/wp-json\/wp\/v2\/tags?post=2109"}],"curies":[{"name":"wp","href":"https:\/\/api.w.org\/{rel}","templated":true}]}}