{"id":2392,"date":"2025-09-03T10:33:10","date_gmt":"2025-09-03T08:33:10","guid":{"rendered":"https:\/\/www.yoursadvisory.com\/?p=2392"},"modified":"2025-09-03T10:33:11","modified_gmt":"2025-09-03T08:33:11","slug":"bruxelles-allonge-la-periode-suspecte-pour-les-donations-mobilieres-non-enregistrees","status":"publish","type":"post","link":"https:\/\/www.yoursadvisory.com\/en\/bruxelles-allonge-la-periode-suspecte-pour-les-donations-mobilieres-non-enregistrees\/","title":{"rendered":"Bruxelles allonge la p\u00e9riode suspecte pour les donations mobili\u00e8res non enregistr\u00e9es"},"content":{"rendered":"\n<p><em>Le 10 juillet dernier, la R\u00e9gion de Bruxelles-Capitale a d\u00e9cid\u00e9 de\u00a0<strong>prolonger \u00e0 cinq ans la \u00ab\u00a0p\u00e9riode suspecte\u00a0\u00bb applicable aux donations mobili\u00e8res non enregistr\u00e9es<\/strong>. Cette mesure, qui entrera en vigueur \u00e0 partir du\u00a0<strong>1<sup>er<\/sup>\u00a0janvier 2026<\/strong>, suit l\u2019exemple de la Wallonie et de la Flandre.<\/em><\/p>\n\n\n\n<p><strong>Qu\u2019est-ce que la p\u00e9riode suspecte ?<\/strong><\/p>\n\n\n\n<p>Certaines donations mobili\u00e8res &#8211; comme le don d\u2019une somme d\u2019argent, d\u2019un portefeuille-titres, de bijoux ou d\u2019\u0153uvres d\u2019art &#8211; ne n\u00e9cessitent pas obligatoirement un acte notari\u00e9. Ce type de donation ne doit pas \u00eatre pr\u00e9sent\u00e9 \u00e0 l\u2019enregistrement. A d\u00e9faut d\u2019enregistrement les droits de donation ne sont pas dus.<\/p>\n\n\n\n<p>Les parties ont alors le choix :<\/p>\n\n\n\n<ul class=\"wp-block-list\">\n<li>Soit\u00a0enregistrer la donation volontairement et s\u2019acquitter des droits correspondants ;<\/li>\n\n\n\n<li>Soit\u00a0ne pas l\u2019enregistrer, ce qui implique un risque fiscal si le donateur d\u00e9c\u00e8de dans un certain d\u00e9lai.<\/li>\n<\/ul>\n\n\n\n<p>Ce d\u00e9lai est appel\u00e9&nbsp;<strong>\u00ab p\u00e9riode suspecte \u00bb<\/strong>&nbsp;: si le donateur d\u00e9c\u00e8de pendant cette p\u00e9riode, la donation est fictivement r\u00e9int\u00e9gr\u00e9e dans la succession et soumise aux&nbsp;<strong>droits de succession<\/strong>, souvent plus \u00e9lev\u00e9s que les droits de donation.<\/p>\n\n\n\n<p><strong>Rappels fiscaux \u00e0 Bruxelles<\/strong><\/p>\n\n\n\n<p>En cas d\u2019enregistrement, les droits de donation mobili\u00e8re en R\u00e9gion bruxelloise sont de :<\/p>\n\n\n\n<ul class=\"wp-block-list\">\n<li><strong>3 %<\/strong>\u00a0en ligne directe, entre conjoints ou cohabitants l\u00e9gaux ;<\/li>\n\n\n\n<li><strong>7 %<\/strong>\u00a0entre toutes autres personnes.<\/li>\n<\/ul>\n\n\n\n<p>En cas de non-enregistrement :<\/p>\n\n\n\n<ul class=\"wp-block-list\">\n<li><strong>Si le donateur survit \u00e0 la p\u00e9riode suspecte<\/strong>, aucun droit de succession n\u2019est d\u00fb ;<\/li>\n\n\n\n<li><strong>Si le donateur d\u00e9c\u00e8de pendant cette p\u00e9riode<\/strong>, le b\u00e9n\u00e9ficiaire devra s\u2019acquitter des\u00a0<strong>droits de succession<\/strong>, pouvant aller jusqu\u2019\u00e0\u00a0<strong>30 % en ligne directe<\/strong>.<\/li>\n<\/ul>\n\n\n\n<p><strong>Allongement du d\u00e9lai de trois \u00e0 cinq ans &#8211; uniformit\u00e9 r\u00e9gionale<\/strong><\/p>\n\n\n\n<p><strong>Actuellement<\/strong>, ce d\u00e9lai est de&nbsp;<strong>trois ans \u00e0 Bruxelles<\/strong>.<\/p>\n\n\n\n<p>Pour les donations effectu\u00e9es&nbsp;<strong>\u00e0 partir du 1<sup>er<\/sup>&nbsp;janvier 2026<\/strong>, il passera \u00e0&nbsp;<strong>cinq ans<\/strong>, comme dans les autres r\u00e9gions (depuis le 1<sup>er<\/sup>&nbsp;janvier 2022 en Wallonie et depuis le 1<sup>er<\/sup>&nbsp;janvier 2025 en Flandre).<\/p>\n\n\n\n<p>Autrement dit, pour toutes les donations qui seraient consenties avant le 1<sup>er<\/sup>&nbsp;janvier 2026, le d\u00e9lai de trois ans restera d\u2019application.&nbsp;<\/p>\n\n\n\n<p><strong>En pratique<\/strong><\/p>\n\n\n\n<p>Si vous \u00eates r\u00e9sident bruxellois et envisagez une donation bancaire non enregistr\u00e9e&nbsp;:<\/p>\n\n\n\n<ul class=\"wp-block-list\">\n<li>Si elle est effectu\u00e9e le 20 d\u00e9cembre 2025\u00a0: la donation restera soumise au d\u00e9lai de trois ans\u00a0;<\/li>\n\n\n\n<li>Si elle est effectu\u00e9e le 5 janvier 2026\u00a0: la donation sera soumise au nouveau d\u00e9lai de cinq ans.<\/li>\n<\/ul>\n\n\n\n<p><em>Nous sommes \u00e0 votre disposition pour analyser votre situation et vous conseiller sur les solutions adapt\u00e9es \u00e0 vos objectifs patrimoniaux, dans le respect des r\u00e8gles propres \u00e0 chaque R\u00e9gion.<\/em><\/p>\n","protected":false},"excerpt":{"rendered":"<p>Le 10 juillet dernier, la R\u00e9gion de Bruxelles-Capitale a d\u00e9cid\u00e9 de\u00a0prolonger \u00e0 cinq ans la \u00ab\u00a0p\u00e9riode suspecte\u00a0\u00bb applicable aux donations mobili\u00e8res non enregistr\u00e9es. Cette mesure, qui entrera en vigueur \u00e0 [&hellip;]<\/p>\n","protected":false},"author":5,"featured_media":2400,"comment_status":"closed","ping_status":"closed","sticky":false,"template":"","format":"standard","meta":{"_acf_changed":false,"footnotes":""},"categories":[15,16],"tags":[],"class_list":["post-2392","post","type-post","status-publish","format-standard","has-post-thumbnail","hentry","category-actualites","category-estate-planning"],"acf":[],"featured_image_src":"https:\/\/www.yoursadvisory.com\/wp-content\/uploads\/2025\/09\/royal-palace-of-brussels-6404716_640.jpg","author_info":{"display_name":"l.cuvelier","author_link":"https:\/\/www.yoursadvisory.com\/en\/author\/l-cuvelier\/"},"yoast_head":"<!-- This site is optimized with the Yoast SEO plugin v26.3 - https:\/\/yoast.com\/wordpress\/plugins\/seo\/ -->\n<title>Bruxelles allonge la p\u00e9riode suspecte pour les donations mobili\u00e8res non enregistr\u00e9es &#8212; Yours Advisory<\/title>\n<meta name=\"robots\" content=\"index, follow, max-snippet:-1, max-image-preview:large, max-video-preview:-1\" \/>\n<link rel=\"canonical\" href=\"https:\/\/www.yoursadvisory.com\/bruxelles-allonge-la-periode-suspecte-pour-les-donations-mobilieres-non-enregistrees\/\" \/>\n<meta property=\"og:locale\" content=\"en_GB\" \/>\n<meta property=\"og:type\" content=\"article\" \/>\n<meta property=\"og:title\" content=\"Bruxelles allonge la p\u00e9riode suspecte pour les donations mobili\u00e8res non enregistr\u00e9es &#8212; Yours Advisory\" \/>\n<meta property=\"og:description\" content=\"Le 10 juillet dernier, la R\u00e9gion de Bruxelles-Capitale a d\u00e9cid\u00e9 de\u00a0prolonger \u00e0 cinq ans la \u00ab\u00a0p\u00e9riode suspecte\u00a0\u00bb applicable aux donations mobili\u00e8res non enregistr\u00e9es. Cette mesure, qui entrera en vigueur \u00e0 [&hellip;]\" \/>\n<meta property=\"og:url\" content=\"https:\/\/www.yoursadvisory.com\/bruxelles-allonge-la-periode-suspecte-pour-les-donations-mobilieres-non-enregistrees\/\" \/>\n<meta property=\"og:site_name\" content=\"Yours Advisory\" \/>\n<meta property=\"article:published_time\" content=\"2025-09-03T08:33:10+00:00\" \/>\n<meta property=\"article:modified_time\" content=\"2025-09-03T08:33:11+00:00\" \/>\n<meta property=\"og:image\" content=\"https:\/\/www.yoursadvisory.com\/wp-content\/uploads\/2025\/09\/royal-palace-of-brussels-6404716_640.jpg\" \/>\n\t<meta property=\"og:image:width\" content=\"640\" \/>\n\t<meta property=\"og:image:height\" content=\"430\" \/>\n\t<meta property=\"og:image:type\" content=\"image\/jpeg\" \/>\n<meta name=\"author\" content=\"l.cuvelier\" \/>\n<meta name=\"twitter:card\" content=\"summary_large_image\" \/>\n<script type=\"application\/ld+json\" class=\"yoast-schema-graph\">{\"@context\":\"https:\/\/schema.org\",\"@graph\":[{\"@type\":\"Article\",\"@id\":\"https:\/\/www.yoursadvisory.com\/bruxelles-allonge-la-periode-suspecte-pour-les-donations-mobilieres-non-enregistrees\/#article\",\"isPartOf\":{\"@id\":\"https:\/\/www.yoursadvisory.com\/bruxelles-allonge-la-periode-suspecte-pour-les-donations-mobilieres-non-enregistrees\/\"},\"author\":{\"name\":\"l.cuvelier\",\"@id\":\"https:\/\/www.yoursadvisory.com\/en\/#\/schema\/person\/f8d64f094a1a6e981c7b34317af8c5a7\"},\"headline\":\"Bruxelles allonge la p\u00e9riode suspecte pour les donations mobili\u00e8res non enregistr\u00e9es\",\"datePublished\":\"2025-09-03T08:33:10+00:00\",\"dateModified\":\"2025-09-03T08:33:11+00:00\",\"mainEntityOfPage\":{\"@id\":\"https:\/\/www.yoursadvisory.com\/bruxelles-allonge-la-periode-suspecte-pour-les-donations-mobilieres-non-enregistrees\/\"},\"wordCount\":454,\"publisher\":{\"@id\":\"https:\/\/www.yoursadvisory.com\/en\/#organization\"},\"image\":{\"@id\":\"https:\/\/www.yoursadvisory.com\/bruxelles-allonge-la-periode-suspecte-pour-les-donations-mobilieres-non-enregistrees\/#primaryimage\"},\"thumbnailUrl\":\"https:\/\/www.yoursadvisory.com\/wp-content\/uploads\/2025\/09\/royal-palace-of-brussels-6404716_640.jpg\",\"articleSection\":[\"Actualit\u00e9s\",\"Estate Planning\"],\"inLanguage\":\"en-GB\"},{\"@type\":\"WebPage\",\"@id\":\"https:\/\/www.yoursadvisory.com\/bruxelles-allonge-la-periode-suspecte-pour-les-donations-mobilieres-non-enregistrees\/\",\"url\":\"https:\/\/www.yoursadvisory.com\/bruxelles-allonge-la-periode-suspecte-pour-les-donations-mobilieres-non-enregistrees\/\",\"name\":\"Bruxelles allonge la p\u00e9riode suspecte pour les donations mobili\u00e8res non enregistr\u00e9es &#8212; Yours Advisory\",\"isPartOf\":{\"@id\":\"https:\/\/www.yoursadvisory.com\/en\/#website\"},\"primaryImageOfPage\":{\"@id\":\"https:\/\/www.yoursadvisory.com\/bruxelles-allonge-la-periode-suspecte-pour-les-donations-mobilieres-non-enregistrees\/#primaryimage\"},\"image\":{\"@id\":\"https:\/\/www.yoursadvisory.com\/bruxelles-allonge-la-periode-suspecte-pour-les-donations-mobilieres-non-enregistrees\/#primaryimage\"},\"thumbnailUrl\":\"https:\/\/www.yoursadvisory.com\/wp-content\/uploads\/2025\/09\/royal-palace-of-brussels-6404716_640.jpg\",\"datePublished\":\"2025-09-03T08:33:10+00:00\",\"dateModified\":\"2025-09-03T08:33:11+00:00\",\"breadcrumb\":{\"@id\":\"https:\/\/www.yoursadvisory.com\/bruxelles-allonge-la-periode-suspecte-pour-les-donations-mobilieres-non-enregistrees\/#breadcrumb\"},\"inLanguage\":\"en-GB\",\"potentialAction\":[{\"@type\":\"ReadAction\",\"target\":[\"https:\/\/www.yoursadvisory.com\/bruxelles-allonge-la-periode-suspecte-pour-les-donations-mobilieres-non-enregistrees\/\"]}]},{\"@type\":\"ImageObject\",\"inLanguage\":\"en-GB\",\"@id\":\"https:\/\/www.yoursadvisory.com\/bruxelles-allonge-la-periode-suspecte-pour-les-donations-mobilieres-non-enregistrees\/#primaryimage\",\"url\":\"https:\/\/www.yoursadvisory.com\/wp-content\/uploads\/2025\/09\/royal-palace-of-brussels-6404716_640.jpg\",\"contentUrl\":\"https:\/\/www.yoursadvisory.com\/wp-content\/uploads\/2025\/09\/royal-palace-of-brussels-6404716_640.jpg\",\"width\":640,\"height\":430},{\"@type\":\"BreadcrumbList\",\"@id\":\"https:\/\/www.yoursadvisory.com\/bruxelles-allonge-la-periode-suspecte-pour-les-donations-mobilieres-non-enregistrees\/#breadcrumb\",\"itemListElement\":[{\"@type\":\"ListItem\",\"position\":1,\"name\":\"Accueil\",\"item\":\"https:\/\/www.yoursadvisory.com\/en\/\"},{\"@type\":\"ListItem\",\"position\":2,\"name\":\"Bruxelles allonge la p\u00e9riode suspecte pour les donations mobili\u00e8res non enregistr\u00e9es\"}]},{\"@type\":\"WebSite\",\"@id\":\"https:\/\/www.yoursadvisory.com\/en\/#website\",\"url\":\"https:\/\/www.yoursadvisory.com\/en\/\",\"name\":\"Yours Advisory\",\"description\":\"Exclusively Inclusive\",\"publisher\":{\"@id\":\"https:\/\/www.yoursadvisory.com\/en\/#organization\"},\"potentialAction\":[{\"@type\":\"SearchAction\",\"target\":{\"@type\":\"EntryPoint\",\"urlTemplate\":\"https:\/\/www.yoursadvisory.com\/en\/?s={search_term_string}\"},\"query-input\":{\"@type\":\"PropertyValueSpecification\",\"valueRequired\":true,\"valueName\":\"search_term_string\"}}],\"inLanguage\":\"en-GB\"},{\"@type\":\"Organization\",\"@id\":\"https:\/\/www.yoursadvisory.com\/en\/#organization\",\"name\":\"YOURS Advisory\",\"url\":\"https:\/\/www.yoursadvisory.com\/en\/\",\"logo\":{\"@type\":\"ImageObject\",\"inLanguage\":\"en-GB\",\"@id\":\"https:\/\/www.yoursadvisory.com\/en\/#\/schema\/logo\/image\/\",\"url\":\"https:\/\/www.yoursadvisory.com\/wp-content\/uploads\/2021\/04\/logo-YOURS-BE.png\",\"contentUrl\":\"https:\/\/www.yoursadvisory.com\/wp-content\/uploads\/2021\/04\/logo-YOURS-BE.png\",\"width\":1000,\"height\":376,\"caption\":\"YOURS Advisory\"},\"image\":{\"@id\":\"https:\/\/www.yoursadvisory.com\/en\/#\/schema\/logo\/image\/\"},\"sameAs\":[\"https:\/\/www.linkedin.com\/company\/yours---business-&amp;-family-advisory\/\"]},{\"@type\":\"Person\",\"@id\":\"https:\/\/www.yoursadvisory.com\/en\/#\/schema\/person\/f8d64f094a1a6e981c7b34317af8c5a7\",\"name\":\"l.cuvelier\",\"image\":{\"@type\":\"ImageObject\",\"inLanguage\":\"en-GB\",\"@id\":\"https:\/\/www.yoursadvisory.com\/en\/#\/schema\/person\/image\/\",\"url\":\"https:\/\/secure.gravatar.com\/avatar\/1af4eac30472c86bfb36cf1f8cd7ac69b248332daf1dc574b7236bf82b5636e9?s=96&d=mm&r=g\",\"contentUrl\":\"https:\/\/secure.gravatar.com\/avatar\/1af4eac30472c86bfb36cf1f8cd7ac69b248332daf1dc574b7236bf82b5636e9?s=96&d=mm&r=g\",\"caption\":\"l.cuvelier\"}}]}<\/script>\n<!-- \/ Yoast SEO plugin. -->","yoast_head_json":{"title":"Bruxelles allonge la p\u00e9riode suspecte pour les donations mobili\u00e8res non enregistr\u00e9es &#8212; Yours Advisory","robots":{"index":"index","follow":"follow","max-snippet":"max-snippet:-1","max-image-preview":"max-image-preview:large","max-video-preview":"max-video-preview:-1"},"canonical":"https:\/\/www.yoursadvisory.com\/bruxelles-allonge-la-periode-suspecte-pour-les-donations-mobilieres-non-enregistrees\/","og_locale":"en_GB","og_type":"article","og_title":"Bruxelles allonge la p\u00e9riode suspecte pour les donations mobili\u00e8res non enregistr\u00e9es &#8212; Yours Advisory","og_description":"Le 10 juillet dernier, la R\u00e9gion de Bruxelles-Capitale a d\u00e9cid\u00e9 de\u00a0prolonger \u00e0 cinq ans la \u00ab\u00a0p\u00e9riode suspecte\u00a0\u00bb applicable aux donations mobili\u00e8res non enregistr\u00e9es. Cette mesure, qui entrera en vigueur \u00e0 [&hellip;]","og_url":"https:\/\/www.yoursadvisory.com\/bruxelles-allonge-la-periode-suspecte-pour-les-donations-mobilieres-non-enregistrees\/","og_site_name":"Yours Advisory","article_published_time":"2025-09-03T08:33:10+00:00","article_modified_time":"2025-09-03T08:33:11+00:00","og_image":[{"width":640,"height":430,"url":"https:\/\/www.yoursadvisory.com\/wp-content\/uploads\/2025\/09\/royal-palace-of-brussels-6404716_640.jpg","type":"image\/jpeg"}],"author":"l.cuvelier","twitter_card":"summary_large_image","schema":{"@context":"https:\/\/schema.org","@graph":[{"@type":"Article","@id":"https:\/\/www.yoursadvisory.com\/bruxelles-allonge-la-periode-suspecte-pour-les-donations-mobilieres-non-enregistrees\/#article","isPartOf":{"@id":"https:\/\/www.yoursadvisory.com\/bruxelles-allonge-la-periode-suspecte-pour-les-donations-mobilieres-non-enregistrees\/"},"author":{"name":"l.cuvelier","@id":"https:\/\/www.yoursadvisory.com\/en\/#\/schema\/person\/f8d64f094a1a6e981c7b34317af8c5a7"},"headline":"Bruxelles allonge la p\u00e9riode suspecte pour les donations mobili\u00e8res non enregistr\u00e9es","datePublished":"2025-09-03T08:33:10+00:00","dateModified":"2025-09-03T08:33:11+00:00","mainEntityOfPage":{"@id":"https:\/\/www.yoursadvisory.com\/bruxelles-allonge-la-periode-suspecte-pour-les-donations-mobilieres-non-enregistrees\/"},"wordCount":454,"publisher":{"@id":"https:\/\/www.yoursadvisory.com\/en\/#organization"},"image":{"@id":"https:\/\/www.yoursadvisory.com\/bruxelles-allonge-la-periode-suspecte-pour-les-donations-mobilieres-non-enregistrees\/#primaryimage"},"thumbnailUrl":"https:\/\/www.yoursadvisory.com\/wp-content\/uploads\/2025\/09\/royal-palace-of-brussels-6404716_640.jpg","articleSection":["Actualit\u00e9s","Estate Planning"],"inLanguage":"en-GB"},{"@type":"WebPage","@id":"https:\/\/www.yoursadvisory.com\/bruxelles-allonge-la-periode-suspecte-pour-les-donations-mobilieres-non-enregistrees\/","url":"https:\/\/www.yoursadvisory.com\/bruxelles-allonge-la-periode-suspecte-pour-les-donations-mobilieres-non-enregistrees\/","name":"Bruxelles allonge la p\u00e9riode suspecte pour les donations mobili\u00e8res non enregistr\u00e9es &#8212; Yours Advisory","isPartOf":{"@id":"https:\/\/www.yoursadvisory.com\/en\/#website"},"primaryImageOfPage":{"@id":"https:\/\/www.yoursadvisory.com\/bruxelles-allonge-la-periode-suspecte-pour-les-donations-mobilieres-non-enregistrees\/#primaryimage"},"image":{"@id":"https:\/\/www.yoursadvisory.com\/bruxelles-allonge-la-periode-suspecte-pour-les-donations-mobilieres-non-enregistrees\/#primaryimage"},"thumbnailUrl":"https:\/\/www.yoursadvisory.com\/wp-content\/uploads\/2025\/09\/royal-palace-of-brussels-6404716_640.jpg","datePublished":"2025-09-03T08:33:10+00:00","dateModified":"2025-09-03T08:33:11+00:00","breadcrumb":{"@id":"https:\/\/www.yoursadvisory.com\/bruxelles-allonge-la-periode-suspecte-pour-les-donations-mobilieres-non-enregistrees\/#breadcrumb"},"inLanguage":"en-GB","potentialAction":[{"@type":"ReadAction","target":["https:\/\/www.yoursadvisory.com\/bruxelles-allonge-la-periode-suspecte-pour-les-donations-mobilieres-non-enregistrees\/"]}]},{"@type":"ImageObject","inLanguage":"en-GB","@id":"https:\/\/www.yoursadvisory.com\/bruxelles-allonge-la-periode-suspecte-pour-les-donations-mobilieres-non-enregistrees\/#primaryimage","url":"https:\/\/www.yoursadvisory.com\/wp-content\/uploads\/2025\/09\/royal-palace-of-brussels-6404716_640.jpg","contentUrl":"https:\/\/www.yoursadvisory.com\/wp-content\/uploads\/2025\/09\/royal-palace-of-brussels-6404716_640.jpg","width":640,"height":430},{"@type":"BreadcrumbList","@id":"https:\/\/www.yoursadvisory.com\/bruxelles-allonge-la-periode-suspecte-pour-les-donations-mobilieres-non-enregistrees\/#breadcrumb","itemListElement":[{"@type":"ListItem","position":1,"name":"Accueil","item":"https:\/\/www.yoursadvisory.com\/en\/"},{"@type":"ListItem","position":2,"name":"Bruxelles allonge la p\u00e9riode suspecte pour les donations mobili\u00e8res non enregistr\u00e9es"}]},{"@type":"WebSite","@id":"https:\/\/www.yoursadvisory.com\/en\/#website","url":"https:\/\/www.yoursadvisory.com\/en\/","name":"Yours Advisory","description":"Exclusively Inclusive","publisher":{"@id":"https:\/\/www.yoursadvisory.com\/en\/#organization"},"potentialAction":[{"@type":"SearchAction","target":{"@type":"EntryPoint","urlTemplate":"https:\/\/www.yoursadvisory.com\/en\/?s={search_term_string}"},"query-input":{"@type":"PropertyValueSpecification","valueRequired":true,"valueName":"search_term_string"}}],"inLanguage":"en-GB"},{"@type":"Organization","@id":"https:\/\/www.yoursadvisory.com\/en\/#organization","name":"YOURS Advisory","url":"https:\/\/www.yoursadvisory.com\/en\/","logo":{"@type":"ImageObject","inLanguage":"en-GB","@id":"https:\/\/www.yoursadvisory.com\/en\/#\/schema\/logo\/image\/","url":"https:\/\/www.yoursadvisory.com\/wp-content\/uploads\/2021\/04\/logo-YOURS-BE.png","contentUrl":"https:\/\/www.yoursadvisory.com\/wp-content\/uploads\/2021\/04\/logo-YOURS-BE.png","width":1000,"height":376,"caption":"YOURS Advisory"},"image":{"@id":"https:\/\/www.yoursadvisory.com\/en\/#\/schema\/logo\/image\/"},"sameAs":["https:\/\/www.linkedin.com\/company\/yours---business-&amp;-family-advisory\/"]},{"@type":"Person","@id":"https:\/\/www.yoursadvisory.com\/en\/#\/schema\/person\/f8d64f094a1a6e981c7b34317af8c5a7","name":"l.cuvelier","image":{"@type":"ImageObject","inLanguage":"en-GB","@id":"https:\/\/www.yoursadvisory.com\/en\/#\/schema\/person\/image\/","url":"https:\/\/secure.gravatar.com\/avatar\/1af4eac30472c86bfb36cf1f8cd7ac69b248332daf1dc574b7236bf82b5636e9?s=96&d=mm&r=g","contentUrl":"https:\/\/secure.gravatar.com\/avatar\/1af4eac30472c86bfb36cf1f8cd7ac69b248332daf1dc574b7236bf82b5636e9?s=96&d=mm&r=g","caption":"l.cuvelier"}}]}},"_links":{"self":[{"href":"https:\/\/www.yoursadvisory.com\/en\/wp-json\/wp\/v2\/posts\/2392","targetHints":{"allow":["GET"]}}],"collection":[{"href":"https:\/\/www.yoursadvisory.com\/en\/wp-json\/wp\/v2\/posts"}],"about":[{"href":"https:\/\/www.yoursadvisory.com\/en\/wp-json\/wp\/v2\/types\/post"}],"author":[{"embeddable":true,"href":"https:\/\/www.yoursadvisory.com\/en\/wp-json\/wp\/v2\/users\/5"}],"replies":[{"embeddable":true,"href":"https:\/\/www.yoursadvisory.com\/en\/wp-json\/wp\/v2\/comments?post=2392"}],"version-history":[{"count":2,"href":"https:\/\/www.yoursadvisory.com\/en\/wp-json\/wp\/v2\/posts\/2392\/revisions"}],"predecessor-version":[{"id":2402,"href":"https:\/\/www.yoursadvisory.com\/en\/wp-json\/wp\/v2\/posts\/2392\/revisions\/2402"}],"wp:featuredmedia":[{"embeddable":true,"href":"https:\/\/www.yoursadvisory.com\/en\/wp-json\/wp\/v2\/media\/2400"}],"wp:attachment":[{"href":"https:\/\/www.yoursadvisory.com\/en\/wp-json\/wp\/v2\/media?parent=2392"}],"wp:term":[{"taxonomy":"category","embeddable":true,"href":"https:\/\/www.yoursadvisory.com\/en\/wp-json\/wp\/v2\/categories?post=2392"},{"taxonomy":"post_tag","embeddable":true,"href":"https:\/\/www.yoursadvisory.com\/en\/wp-json\/wp\/v2\/tags?post=2392"}],"curies":[{"name":"wp","href":"https:\/\/api.w.org\/{rel}","templated":true}]}}